{"id":268,"date":"2022-12-02T14:50:24","date_gmt":"2022-12-02T14:50:24","guid":{"rendered":"https:\/\/loures.dsicredito.pt\/?p=268"},"modified":"2023-12-27T19:37:06","modified_gmt":"2023-12-27T18:37:06","slug":"dezembro-o-momento-de-rever-e-planear-2023","status":"publish","type":"post","link":"https:\/\/lvlconsulting.pt\/en\/dezembro-o-momento-de-rever-e-planear-2023\/","title":{"rendered":"Dezembro, o momento de rever e planear 2023!"},"content":{"rendered":"<figure class=\"wp-block-gallery has-nested-images columns-default is-cropped wp-block-gallery-1 is-layout-flex wp-block-gallery-is-layout-flex\"><\/figure>\n\n\n\n<p>Planear \u00e9 a palavra de ordem e nos dias que correm, cada vez mais devemos planificar, organizar e or\u00e7amentar as despesas do dia a dia e eventuais extras que possam surgir.<\/p>\n\n\n\n<p>\u00c9 tamb\u00e9m importante tra\u00e7ar objetivos, porque a vida, n\u00e3o pode ser s\u00f3 pagar contas.<\/p>\n\n\n\n<p>Todos temos algo que gostar\u00edamos de fazer, comprar e muitas das vezes n\u00e3o o fazemos, porque n\u00e3o temos capacidade financeira para tal ou porque pensamos que pode acontecer algo inesperado e temos ter sempre \u201calgum dinheiro\u201d de reserva.<\/p>\n\n\n\n<p>Os nossos pais e av\u00f3s, foram-nos passando algumas cren\u00e7as entre elas, \u201cn\u00e3o sabemos o dia de amanh\u00e3\u201d por isso vamos ao extremo. Ou n\u00e3o gastamos ou gastamos tudo.<\/p>\n\n\n\n<p>Equil\u00edbrio e organiza\u00e7\u00e3o!<\/p>\n\n\n\n<p>Vamos come\u00e7ar por fazer um Check-up \u00e0s vossas finan\u00e7as em 4 passos:<\/p>\n\n\n\n<ol class=\"wp-block-list\">\n<li>Rever todas as despesas fixas que tem atualmente:<\/li>\n<\/ol>\n\n\n\n<figure class=\"wp-block-image aligncenter\"><img decoding=\"async\" src=\"https:\/\/loures.dsicredito.pt\/wp-content\/uploads\/2022\/12\/Imagem3-1.png\" alt=\"\" class=\"wp-image-271\"\/><\/figure>\n\n\n\n<ul class=\"wp-block-list\">\n<li>Rever todos os cr\u00e9ditos que tem atualmente ativos:<\/li>\n<\/ul>\n\n\n\n<figure class=\"wp-block-image aligncenter size-full\"><img decoding=\"async\" src=\"https:\/\/loures.dsicredito.pt\/wp-content\/uploads\/2022\/12\/Imagem4.png\" alt=\"\" class=\"wp-image-270\"\/><\/figure>\n\n\n\n<p>No caso do cr\u00e9dito \u00e0 habita\u00e7\u00e3o, pode e deve consultar o seu Banco, e solicitar a revis\u00e3o das condi\u00e7\u00f5es contratadas por forma a reduzir a sua presta\u00e7\u00e3o mensal e questionar tamb\u00e9m a possibilidade de reunir todos os seus cr\u00e9ditos NUM S\u00d3 reduzindo ainda mais, os encargos mensais.<\/p>\n\n\n\n<p>Em simult\u00e2neo pode e deve consultar um Intermedi\u00e1rio de Cr\u00e9dito para que este, fa\u00e7a esse trabalho por si, recorrendo \u00e0s v\u00e1rias entidades banc\u00e1rias em busca da op\u00e7\u00e3o que melhor se adequa ao seu caso. Servi\u00e7o este, que n\u00e3o tem qualquer custo associado para si, ao contr\u00e1rio do que possa pensar.<\/p>\n\n\n\n<ul class=\"wp-block-list\">\n<li>Rever todos os seguros que tem atualmente ativos:<\/li>\n<\/ul>\n\n\n\n<p>Para al\u00e9m do Seguro do Autom\u00f3vel, Seguro de Vida, Seguro Multirriscos e Seguro de Sa\u00fade, muitas pessoas t\u00eam seguros associados aos cart\u00f5es de cr\u00e9dito. E quanto mais seguros temos contratados, a probabilidade de estarmos a pagar por coberturas repetidas \u00e9 alta. Com a agravante de que o encargo mensal torna-se elevado e na maioria das vezes n\u00e3o usufru\u00edmos dessas mesmas coberturas. Pode por isso, consultar as v\u00e1rias op\u00e7\u00f5es existentes no mercado que oferecem valores mais acess\u00edveis garantindo as mesmas e melhores coberturas. Informe-se!<\/p>\n\n\n\n<ul class=\"wp-block-list\">\n<li>Levantamento feito, passamos \u00e0 \u00faltima fase:<\/li>\n<\/ul>\n\n\n\n<p>Criamos um ficheiro com todos encargos, Rendimentos auferidos mensalmente e valor definido para realizar o objetivo.<\/p>\n\n\n\n<figure class=\"wp-block-image aligncenter size-full\"><img decoding=\"async\" src=\"https:\/\/loures.dsicredito.pt\/wp-content\/uploads\/2022\/12\/Imagem2.png\" alt=\"\" class=\"wp-image-272\"\/><\/figure>\n\n\n\n<p>Seja rigoroso com o cumprimento do seu planeamento. N\u00e3o precisa de gastar o excedente e analise se faz sentido criar um PPR ou investir em produtos financeiros de baixo risco ou com capital garantido.<\/p>\n\n\n\n<p>Pode n\u00e3o ter ganhos muito elevados, mas \u00e9 uma forma de n\u00e3o deixar o seu dinheiro parado no banco e obter uma pequena rentabilidade sobre esse capital.<\/p>\n\n\n\n<p>O sucesso da sua sa\u00fade financeira depende de si!<\/p>\n\n\n\n<p>Leia tamb\u00e9m o nosso artigo,\u00a0<a href=\"https:\/\/lvlconsulting.pt\/en\/poupar-rima-com-economizar-e-nos-vamos-ajudar\/\" data-type=\"post\" data-id=\"2856\">Poupar rima com Economizar<\/a><\/p>","protected":false},"excerpt":{"rendered":"<p>Planear \u00e9 a palavra de ordem e nos dias que correm, cada vez mais devemos planificar, organizar e or\u00e7amentar as despesas do dia a dia e eventuais extras que possam surgir. \u00c9 tamb\u00e9m importante tra\u00e7ar objetivos, porque a vida, n\u00e3o pode ser s\u00f3 pagar contas. Todos temos algo que gostar\u00edamos de fazer, comprar e muitas [&hellip;]<\/p>","protected":false},"author":1,"featured_media":2884,"comment_status":"open","ping_status":"closed","sticky":false,"template":"","format":"standard","meta":{"footnotes":""},"categories":[8],"tags":[13,14,17,16],"class_list":["post-268","post","type-post","status-publish","format-standard","has-post-thumbnail","hentry","category-credito","tag-credito","tag-credito-habitacao","tag-seguro-de-vida","tag-spread"],"blocksy_meta":[],"yoast_head":"<!-- This site is optimized with the Yoast SEO plugin v27.1.1 - https:\/\/yoast.com\/product\/yoast-seo-wordpress\/ -->\n<title>Dezembro, o momento de rever e planear 2023! - LVL Consulting<\/title>\n<meta name=\"robots\" content=\"index, follow, max-snippet:-1, max-image-preview:large, max-video-preview:-1\" \/>\n<link rel=\"canonical\" href=\"https:\/\/lvlconsulting.pt\/en\/dezembro-o-momento-de-rever-e-planear-2023\/\" \/>\n<meta property=\"og:locale\" content=\"en_GB\" \/>\n<meta property=\"og:type\" content=\"article\" \/>\n<meta property=\"og:title\" content=\"Dezembro, o momento de rever e planear 2023! - LVL Consulting\" \/>\n<meta property=\"og:description\" content=\"Planear \u00e9 a palavra de ordem e nos dias que correm, cada vez mais devemos planificar, organizar e or\u00e7amentar as despesas do dia a dia e eventuais extras que possam surgir. \u00c9 tamb\u00e9m importante tra\u00e7ar objetivos, porque a vida, n\u00e3o pode ser s\u00f3 pagar contas. Todos temos algo que gostar\u00edamos de fazer, comprar e muitas [&hellip;]\" \/>\n<meta property=\"og:url\" content=\"https:\/\/lvlconsulting.pt\/en\/dezembro-o-momento-de-rever-e-planear-2023\/\" \/>\n<meta property=\"og:site_name\" content=\"LVL Consulting\" \/>\n<meta property=\"article:published_time\" content=\"2022-12-02T14:50:24+00:00\" \/>\n<meta property=\"article:modified_time\" content=\"2023-12-27T18:37:06+00:00\" \/>\n<meta property=\"og:image\" content=\"https:\/\/lvlconsulting.pt\/wp-content\/uploads\/2022\/12\/disruptivo-pdejnCbAyxU-unsplash.jpg\" \/>\n\t<meta property=\"og:image:width\" content=\"300\" \/>\n\t<meta property=\"og:image:height\" content=\"359\" \/>\n\t<meta property=\"og:image:type\" content=\"image\/jpeg\" \/>\n<meta name=\"author\" content=\"LVL Consulting\" \/>\n<meta name=\"twitter:card\" content=\"summary_large_image\" \/>\n<meta name=\"twitter:label1\" content=\"Written by\" \/>\n\t<meta name=\"twitter:data1\" content=\"LVL Consulting\" \/>\n\t<meta name=\"twitter:label2\" content=\"Estimated reading time\" \/>\n\t<meta name=\"twitter:data2\" content=\"2 minutes\" \/>\n<script type=\"application\/ld+json\" class=\"yoast-schema-graph\">{\"@context\":\"https:\/\/schema.org\",\"@graph\":[{\"@type\":\"Article\",\"@id\":\"https:\/\/lvlconsulting.pt\/en\/dezembro-o-momento-de-rever-e-planear-2023\/#article\",\"isPartOf\":{\"@id\":\"https:\/\/lvlconsulting.pt\/en\/dezembro-o-momento-de-rever-e-planear-2023\/\"},\"author\":{\"name\":\"LVL Consulting\",\"@id\":\"https:\/\/lvlconsulting.pt\/en\/#\/schema\/person\/a01a0f048f87ac4dc3dd15505c8e819e\"},\"headline\":\"Dezembro, o momento de rever e planear 2023!\",\"datePublished\":\"2022-12-02T14:50:24+00:00\",\"dateModified\":\"2023-12-27T18:37:06+00:00\",\"mainEntityOfPage\":{\"@id\":\"https:\/\/lvlconsulting.pt\/en\/dezembro-o-momento-de-rever-e-planear-2023\/\"},\"wordCount\":480,\"commentCount\":0,\"publisher\":{\"@id\":\"https:\/\/lvlconsulting.pt\/en\/#organization\"},\"image\":{\"@id\":\"https:\/\/lvlconsulting.pt\/en\/dezembro-o-momento-de-rever-e-planear-2023\/#primaryimage\"},\"thumbnailUrl\":\"https:\/\/lvlconsulting.pt\/wp-content\/uploads\/2022\/12\/disruptivo-pdejnCbAyxU-unsplash.jpg\",\"keywords\":[\"credito\",\"cr\u00e9dito habita\u00e7\u00e3o\",\"seguro de vida\",\"spread\"],\"articleSection\":[\"Cr\u00e9dito\"],\"inLanguage\":\"en-GB\",\"potentialAction\":[{\"@type\":\"CommentAction\",\"name\":\"Comment\",\"target\":[\"https:\/\/lvlconsulting.pt\/en\/dezembro-o-momento-de-rever-e-planear-2023\/#respond\"]}]},{\"@type\":\"WebPage\",\"@id\":\"https:\/\/lvlconsulting.pt\/en\/dezembro-o-momento-de-rever-e-planear-2023\/\",\"url\":\"https:\/\/lvlconsulting.pt\/en\/dezembro-o-momento-de-rever-e-planear-2023\/\",\"name\":\"Dezembro, o momento de rever e planear 2023! - LVL Consulting\",\"isPartOf\":{\"@id\":\"https:\/\/lvlconsulting.pt\/en\/#website\"},\"primaryImageOfPage\":{\"@id\":\"https:\/\/lvlconsulting.pt\/en\/dezembro-o-momento-de-rever-e-planear-2023\/#primaryimage\"},\"image\":{\"@id\":\"https:\/\/lvlconsulting.pt\/en\/dezembro-o-momento-de-rever-e-planear-2023\/#primaryimage\"},\"thumbnailUrl\":\"https:\/\/lvlconsulting.pt\/wp-content\/uploads\/2022\/12\/disruptivo-pdejnCbAyxU-unsplash.jpg\",\"datePublished\":\"2022-12-02T14:50:24+00:00\",\"dateModified\":\"2023-12-27T18:37:06+00:00\",\"breadcrumb\":{\"@id\":\"https:\/\/lvlconsulting.pt\/en\/dezembro-o-momento-de-rever-e-planear-2023\/#breadcrumb\"},\"inLanguage\":\"en-GB\",\"potentialAction\":[{\"@type\":\"ReadAction\",\"target\":[\"https:\/\/lvlconsulting.pt\/en\/dezembro-o-momento-de-rever-e-planear-2023\/\"]}]},{\"@type\":\"ImageObject\",\"inLanguage\":\"en-GB\",\"@id\":\"https:\/\/lvlconsulting.pt\/en\/dezembro-o-momento-de-rever-e-planear-2023\/#primaryimage\",\"url\":\"https:\/\/lvlconsulting.pt\/wp-content\/uploads\/2022\/12\/disruptivo-pdejnCbAyxU-unsplash.jpg\",\"contentUrl\":\"https:\/\/lvlconsulting.pt\/wp-content\/uploads\/2022\/12\/disruptivo-pdejnCbAyxU-unsplash.jpg\",\"width\":300,\"height\":359},{\"@type\":\"BreadcrumbList\",\"@id\":\"https:\/\/lvlconsulting.pt\/en\/dezembro-o-momento-de-rever-e-planear-2023\/#breadcrumb\",\"itemListElement\":[{\"@type\":\"ListItem\",\"position\":1,\"name\":\"In\u00edcio\",\"item\":\"https:\/\/lvlconsulting.pt\/en\/\"},{\"@type\":\"ListItem\",\"position\":2,\"name\":\"Dezembro, o momento de rever e planear 2023!\"}]},{\"@type\":\"WebSite\",\"@id\":\"https:\/\/lvlconsulting.pt\/en\/#website\",\"url\":\"https:\/\/lvlconsulting.pt\/en\/\",\"name\":\"LVL Consulting\",\"description\":\"Consultoria\",\"publisher\":{\"@id\":\"https:\/\/lvlconsulting.pt\/en\/#organization\"},\"potentialAction\":[{\"@type\":\"SearchAction\",\"target\":{\"@type\":\"EntryPoint\",\"urlTemplate\":\"https:\/\/lvlconsulting.pt\/en\/?s={search_term_string}\"},\"query-input\":{\"@type\":\"PropertyValueSpecification\",\"valueRequired\":true,\"valueName\":\"search_term_string\"}}],\"inLanguage\":\"en-GB\"},{\"@type\":\"Organization\",\"@id\":\"https:\/\/lvlconsulting.pt\/en\/#organization\",\"name\":\"LVL Consulting\",\"url\":\"https:\/\/lvlconsulting.pt\/en\/\",\"logo\":{\"@type\":\"ImageObject\",\"inLanguage\":\"en-GB\",\"@id\":\"https:\/\/lvlconsulting.pt\/en\/#\/schema\/logo\/image\/\",\"url\":\"https:\/\/lvlconsulting.pt\/wp-content\/uploads\/2024\/08\/LVL-RGB-Lilas-Azul.png\",\"contentUrl\":\"https:\/\/lvlconsulting.pt\/wp-content\/uploads\/2024\/08\/LVL-RGB-Lilas-Azul.png\",\"width\":2363,\"height\":1704,\"caption\":\"LVL Consulting\"},\"image\":{\"@id\":\"https:\/\/lvlconsulting.pt\/en\/#\/schema\/logo\/image\/\"},\"sameAs\":[\"https:\/\/www.linkedin.com\/company\/lvlconsultants\/about\/?viewAsMember=true\"]},{\"@type\":\"Person\",\"@id\":\"https:\/\/lvlconsulting.pt\/en\/#\/schema\/person\/a01a0f048f87ac4dc3dd15505c8e819e\",\"name\":\"LVL Consulting\",\"image\":{\"@type\":\"ImageObject\",\"inLanguage\":\"en-GB\",\"@id\":\"https:\/\/lvlconsulting.pt\/en\/#\/schema\/person\/image\/\",\"url\":\"https:\/\/secure.gravatar.com\/avatar\/c2fec67cf6d76781be96f1f8c59f99cc89810df0bea0b77359e60c563f59fe69?s=96&d=mm&r=g\",\"contentUrl\":\"https:\/\/secure.gravatar.com\/avatar\/c2fec67cf6d76781be96f1f8c59f99cc89810df0bea0b77359e60c563f59fe69?s=96&d=mm&r=g\",\"caption\":\"LVL Consulting\"},\"sameAs\":[\"https:\/\/lvlconsulting.pt\"],\"url\":\"https:\/\/lvlconsulting.pt\/en\/author\/admvavy\/\"}]}<\/script>\n<!-- \/ Yoast SEO plugin. -->","yoast_head_json":{"title":"Dezembro, o momento de rever e planear 2023! - LVL Consulting","robots":{"index":"index","follow":"follow","max-snippet":"max-snippet:-1","max-image-preview":"max-image-preview:large","max-video-preview":"max-video-preview:-1"},"canonical":"https:\/\/lvlconsulting.pt\/en\/dezembro-o-momento-de-rever-e-planear-2023\/","og_locale":"en_GB","og_type":"article","og_title":"Dezembro, o momento de rever e planear 2023! - LVL Consulting","og_description":"Planear \u00e9 a palavra de ordem e nos dias que correm, cada vez mais devemos planificar, organizar e or\u00e7amentar as despesas do dia a dia e eventuais extras que possam surgir. \u00c9 tamb\u00e9m importante tra\u00e7ar objetivos, porque a vida, n\u00e3o pode ser s\u00f3 pagar contas. Todos temos algo que gostar\u00edamos de fazer, comprar e muitas [&hellip;]","og_url":"https:\/\/lvlconsulting.pt\/en\/dezembro-o-momento-de-rever-e-planear-2023\/","og_site_name":"LVL Consulting","article_published_time":"2022-12-02T14:50:24+00:00","article_modified_time":"2023-12-27T18:37:06+00:00","og_image":[{"width":300,"height":359,"url":"https:\/\/lvlconsulting.pt\/wp-content\/uploads\/2022\/12\/disruptivo-pdejnCbAyxU-unsplash.jpg","type":"image\/jpeg"}],"author":"LVL Consulting","twitter_card":"summary_large_image","twitter_misc":{"Written by":"LVL Consulting","Estimated reading time":"2 minutes"},"schema":{"@context":"https:\/\/schema.org","@graph":[{"@type":"Article","@id":"https:\/\/lvlconsulting.pt\/en\/dezembro-o-momento-de-rever-e-planear-2023\/#article","isPartOf":{"@id":"https:\/\/lvlconsulting.pt\/en\/dezembro-o-momento-de-rever-e-planear-2023\/"},"author":{"name":"LVL Consulting","@id":"https:\/\/lvlconsulting.pt\/en\/#\/schema\/person\/a01a0f048f87ac4dc3dd15505c8e819e"},"headline":"Dezembro, o momento de rever e planear 2023!","datePublished":"2022-12-02T14:50:24+00:00","dateModified":"2023-12-27T18:37:06+00:00","mainEntityOfPage":{"@id":"https:\/\/lvlconsulting.pt\/en\/dezembro-o-momento-de-rever-e-planear-2023\/"},"wordCount":480,"commentCount":0,"publisher":{"@id":"https:\/\/lvlconsulting.pt\/en\/#organization"},"image":{"@id":"https:\/\/lvlconsulting.pt\/en\/dezembro-o-momento-de-rever-e-planear-2023\/#primaryimage"},"thumbnailUrl":"https:\/\/lvlconsulting.pt\/wp-content\/uploads\/2022\/12\/disruptivo-pdejnCbAyxU-unsplash.jpg","keywords":["credito","cr\u00e9dito habita\u00e7\u00e3o","seguro de vida","spread"],"articleSection":["Cr\u00e9dito"],"inLanguage":"en-GB","potentialAction":[{"@type":"CommentAction","name":"Comment","target":["https:\/\/lvlconsulting.pt\/en\/dezembro-o-momento-de-rever-e-planear-2023\/#respond"]}]},{"@type":"WebPage","@id":"https:\/\/lvlconsulting.pt\/en\/dezembro-o-momento-de-rever-e-planear-2023\/","url":"https:\/\/lvlconsulting.pt\/en\/dezembro-o-momento-de-rever-e-planear-2023\/","name":"Dezembro, o momento de rever e planear 2023! - LVL Consulting","isPartOf":{"@id":"https:\/\/lvlconsulting.pt\/en\/#website"},"primaryImageOfPage":{"@id":"https:\/\/lvlconsulting.pt\/en\/dezembro-o-momento-de-rever-e-planear-2023\/#primaryimage"},"image":{"@id":"https:\/\/lvlconsulting.pt\/en\/dezembro-o-momento-de-rever-e-planear-2023\/#primaryimage"},"thumbnailUrl":"https:\/\/lvlconsulting.pt\/wp-content\/uploads\/2022\/12\/disruptivo-pdejnCbAyxU-unsplash.jpg","datePublished":"2022-12-02T14:50:24+00:00","dateModified":"2023-12-27T18:37:06+00:00","breadcrumb":{"@id":"https:\/\/lvlconsulting.pt\/en\/dezembro-o-momento-de-rever-e-planear-2023\/#breadcrumb"},"inLanguage":"en-GB","potentialAction":[{"@type":"ReadAction","target":["https:\/\/lvlconsulting.pt\/en\/dezembro-o-momento-de-rever-e-planear-2023\/"]}]},{"@type":"ImageObject","inLanguage":"en-GB","@id":"https:\/\/lvlconsulting.pt\/en\/dezembro-o-momento-de-rever-e-planear-2023\/#primaryimage","url":"https:\/\/lvlconsulting.pt\/wp-content\/uploads\/2022\/12\/disruptivo-pdejnCbAyxU-unsplash.jpg","contentUrl":"https:\/\/lvlconsulting.pt\/wp-content\/uploads\/2022\/12\/disruptivo-pdejnCbAyxU-unsplash.jpg","width":300,"height":359},{"@type":"BreadcrumbList","@id":"https:\/\/lvlconsulting.pt\/en\/dezembro-o-momento-de-rever-e-planear-2023\/#breadcrumb","itemListElement":[{"@type":"ListItem","position":1,"name":"In\u00edcio","item":"https:\/\/lvlconsulting.pt\/en\/"},{"@type":"ListItem","position":2,"name":"Dezembro, o momento de rever e planear 2023!"}]},{"@type":"WebSite","@id":"https:\/\/lvlconsulting.pt\/en\/#website","url":"https:\/\/lvlconsulting.pt\/en\/","name":"LVL Consulting","description":"Consultoria","publisher":{"@id":"https:\/\/lvlconsulting.pt\/en\/#organization"},"potentialAction":[{"@type":"SearchAction","target":{"@type":"EntryPoint","urlTemplate":"https:\/\/lvlconsulting.pt\/en\/?s={search_term_string}"},"query-input":{"@type":"PropertyValueSpecification","valueRequired":true,"valueName":"search_term_string"}}],"inLanguage":"en-GB"},{"@type":"Organization","@id":"https:\/\/lvlconsulting.pt\/en\/#organization","name":"LVL Consulting","url":"https:\/\/lvlconsulting.pt\/en\/","logo":{"@type":"ImageObject","inLanguage":"en-GB","@id":"https:\/\/lvlconsulting.pt\/en\/#\/schema\/logo\/image\/","url":"https:\/\/lvlconsulting.pt\/wp-content\/uploads\/2024\/08\/LVL-RGB-Lilas-Azul.png","contentUrl":"https:\/\/lvlconsulting.pt\/wp-content\/uploads\/2024\/08\/LVL-RGB-Lilas-Azul.png","width":2363,"height":1704,"caption":"LVL Consulting"},"image":{"@id":"https:\/\/lvlconsulting.pt\/en\/#\/schema\/logo\/image\/"},"sameAs":["https:\/\/www.linkedin.com\/company\/lvlconsultants\/about\/?viewAsMember=true"]},{"@type":"Person","@id":"https:\/\/lvlconsulting.pt\/en\/#\/schema\/person\/a01a0f048f87ac4dc3dd15505c8e819e","name":"LVL Consulting","image":{"@type":"ImageObject","inLanguage":"en-GB","@id":"https:\/\/lvlconsulting.pt\/en\/#\/schema\/person\/image\/","url":"https:\/\/secure.gravatar.com\/avatar\/c2fec67cf6d76781be96f1f8c59f99cc89810df0bea0b77359e60c563f59fe69?s=96&d=mm&r=g","contentUrl":"https:\/\/secure.gravatar.com\/avatar\/c2fec67cf6d76781be96f1f8c59f99cc89810df0bea0b77359e60c563f59fe69?s=96&d=mm&r=g","caption":"LVL Consulting"},"sameAs":["https:\/\/lvlconsulting.pt"],"url":"https:\/\/lvlconsulting.pt\/en\/author\/admvavy\/"}]}},"_links":{"self":[{"href":"https:\/\/lvlconsulting.pt\/en\/wp-json\/wp\/v2\/posts\/268","targetHints":{"allow":["GET"]}}],"collection":[{"href":"https:\/\/lvlconsulting.pt\/en\/wp-json\/wp\/v2\/posts"}],"about":[{"href":"https:\/\/lvlconsulting.pt\/en\/wp-json\/wp\/v2\/types\/post"}],"author":[{"embeddable":true,"href":"https:\/\/lvlconsulting.pt\/en\/wp-json\/wp\/v2\/users\/1"}],"replies":[{"embeddable":true,"href":"https:\/\/lvlconsulting.pt\/en\/wp-json\/wp\/v2\/comments?post=268"}],"version-history":[{"count":1,"href":"https:\/\/lvlconsulting.pt\/en\/wp-json\/wp\/v2\/posts\/268\/revisions"}],"predecessor-version":[{"id":2886,"href":"https:\/\/lvlconsulting.pt\/en\/wp-json\/wp\/v2\/posts\/268\/revisions\/2886"}],"wp:featuredmedia":[{"embeddable":true,"href":"https:\/\/lvlconsulting.pt\/en\/wp-json\/wp\/v2\/media\/2884"}],"wp:attachment":[{"href":"https:\/\/lvlconsulting.pt\/en\/wp-json\/wp\/v2\/media?parent=268"}],"wp:term":[{"taxonomy":"category","embeddable":true,"href":"https:\/\/lvlconsulting.pt\/en\/wp-json\/wp\/v2\/categories?post=268"},{"taxonomy":"post_tag","embeddable":true,"href":"https:\/\/lvlconsulting.pt\/en\/wp-json\/wp\/v2\/tags?post=268"}],"curies":[{"name":"wp","href":"https:\/\/api.w.org\/{rel}","templated":true}]}}